{"id":6838,"date":"2022-07-12T11:45:16","date_gmt":"2022-07-12T09:45:16","guid":{"rendered":"https:\/\/augustavitrinas.com\/columnas-integradas-la-vitrina-augusta\/"},"modified":"2022-07-12T14:05:49","modified_gmt":"2022-07-12T12:05:49","slug":"columnas-integradas-la-vitrina-augusta","status":"publish","type":"post","link":"https:\/\/augustavitrinas.com\/fr\/columnas-integradas-la-vitrina-augusta\/","title":{"rendered":"COLONNES INTEGREES dans la vitrine AUGUSTA"},"content":{"rendered":"<p>La fabrication sur mesure de nos vitrines AUGUSTA permet d&#8217;int\u00e9grer ces \u00e9l\u00e9ments dans la structure de la machine et d&#8217;offrir une viabilit\u00e9 commerciale aux espaces commerciaux. L&#8217;int\u00e9gration de la colonne dans la vitrine AUGUSTA permet de ne pas \u00eatre conditionn\u00e9 \u00e0 une vitrine standard ou petite, ni oblig\u00e9 d&#8217;acheter s\u00e9par\u00e9ment plus d&#8217;une vitrine standard (vente sur catalogue avec mesures \u00e9tablies).<\/p>\n<p>Les clients nous contactent \u00e0 l&#8217;adresse <a href=\"http:\/\/www.augustavitrinas.com\">http:\/\/www.augustavitrinas.com<\/a> parce qu&#8217;ils ont des \u00e9l\u00e9ments structurels dans leurs locaux qui posent un probl\u00e8me pour l&#8217;am\u00e9nagement des vitrines r\u00e9frig\u00e9r\u00e9es et g\u00e9n\u00e8rent des conditions de vente peu attrayantes (mauvaise disposition spatiale pour la vision du client lorsqu&#8217;il entre dans les locaux).<\/p>\n<p>Nos vitrines, gr\u00e2ce \u00e0 leur fabrication sur mesure, offrent des solutions viables qui se traduisent par une plus grande rentabilit\u00e9 commerciale, car elles augmentent la capacit\u00e9 d&#8217;exposition des produits et donnent une plus grande visibilit\u00e9 aux marchandises \u00e0 vendre. Les vitrines AUGUSTA offrent une adaptabilit\u00e9 totale \u00e0 la morphologie des locaux ind\u00e9pendamment de l&#8217;existence de parties architecturales (colonnes, angles&#8230;) car nous les int\u00e9grons \u00e0 la machine sans alt\u00e9rer ou endommager le design, en utilisant des mat\u00e9riaux de haute qualit\u00e9 et la meilleure technologie de r\u00e9frig\u00e9ration<\/p>\n<p><strong>Instagram:\u00a0 \u00a0 augusta_ _vitrinas<\/strong>\u00a0 (photos, projets et beaucoup d&#8217;informations)<\/p>\n<p>&nbsp;<\/p>\n","protected":false},"excerpt":{"rendered":"<p>La fabrication sur mesure de nos vitrines AUGUSTA permet d&#8217;int\u00e9grer ces \u00e9l\u00e9ments dans la structure de la machine et d&#8217;offrir une viabilit\u00e9 commerciale aux espaces commerciaux. L&#8217;int\u00e9gration de la colonne dans la vitrine AUGUSTA permet de ne pas \u00eatre conditionn\u00e9 \u00e0 une vitrine standard ou petite, ni oblig\u00e9 d&#8217;acheter s\u00e9par\u00e9ment plus d&#8217;une vitrine standard (vente [&hellip;]<\/p>\n","protected":false},"author":6,"featured_media":6836,"comment_status":"open","ping_status":"open","sticky":false,"template":"","format":"standard","meta":{"_et_pb_use_builder":"","_et_pb_old_content":"","_et_gb_content_width":"","_vp_format_video_url":"","_vp_image_focal_point":[],"footnotes":""},"categories":[128,126,129],"tags":[],"class_list":["post-6838","post","type-post","status-publish","format-standard","has-post-thumbnail","hentry","category-amenagement-de-la-boutique","category-espacios-comerciales-con-columnas-fr","category-fabrication-sur-mesure"],"yoast_head":"<!-- This site is optimized with the Yoast SEO plugin v27.5 - https:\/\/yoast.com\/product\/yoast-seo-wordpress\/ -->\n<title>COLONNES INTEGREES dans la vitrine AUGUSTA - Augusta Vitrinas<\/title>\n<meta name=\"robots\" content=\"index, follow, max-snippet:-1, max-image-preview:large, max-video-preview:-1\" \/>\n<link rel=\"canonical\" href=\"https:\/\/augustavitrinas.com\/fr\/columnas-integradas-la-vitrina-augusta\/\" \/>\n<meta property=\"og:locale\" content=\"fr_FR\" \/>\n<meta property=\"og:type\" content=\"article\" \/>\n<meta property=\"og:title\" content=\"COLUMNAS INTEGRADAS en la propia vitrina AUGUSTA\" \/>\n<meta property=\"og:description\" content=\"La fabricaci\u00f3n a medida de nuestras vitrinas AUGUSTA permite integrar estos elementos dentro de la estructura de la m\u00e1quina y ofrecer viabilidad de venta a espacios comerciales.\" \/>\n<meta property=\"og:url\" content=\"https:\/\/augustavitrinas.com\/fr\/columnas-integradas-la-vitrina-augusta\/\" \/>\n<meta property=\"og:site_name\" content=\"Augusta Vitrinas\" \/>\n<meta property=\"article:publisher\" content=\"https:\/\/www.facebook.com\/Augustavitrinas\/\" \/>\n<meta property=\"article:published_time\" content=\"2022-07-12T09:45:16+00:00\" \/>\n<meta property=\"article:modified_time\" content=\"2022-07-12T12:05:49+00:00\" \/>\n<meta property=\"og:image\" content=\"https:\/\/augustavitrinas.com\/wp-content\/uploads\/2022\/07\/columna-2b.jpg\" \/>\n<meta name=\"author\" content=\"Augusta Vitrinas\" \/>\n<meta name=\"twitter:card\" content=\"summary_large_image\" \/>\n<meta name=\"twitter:label1\" content=\"Written by\" \/>\n\t<meta name=\"twitter:data1\" content=\"Augusta Vitrinas\" \/>\n\t<meta name=\"twitter:label2\" content=\"Est. reading time\" \/>\n\t<meta name=\"twitter:data2\" content=\"1 minute\" \/>\n<script type=\"application\/ld+json\" class=\"yoast-schema-graph\">{\"@context\":\"https:\\\/\\\/schema.org\",\"@graph\":[{\"@type\":\"Article\",\"@id\":\"https:\\\/\\\/augustavitrinas.com\\\/fr\\\/columnas-integradas-la-vitrina-augusta\\\/#article\",\"isPartOf\":{\"@id\":\"https:\\\/\\\/augustavitrinas.com\\\/fr\\\/columnas-integradas-la-vitrina-augusta\\\/\"},\"author\":{\"name\":\"Augusta Vitrinas\",\"@id\":\"https:\\\/\\\/augustavitrinas.com\\\/#\\\/schema\\\/person\\\/1c5f828257b5dd6c3ab88ac382418bdc\"},\"headline\":\"COLONNES INTEGREES dans la vitrine AUGUSTA\",\"datePublished\":\"2022-07-12T09:45:16+00:00\",\"dateModified\":\"2022-07-12T12:05:49+00:00\",\"mainEntityOfPage\":{\"@id\":\"https:\\\/\\\/augustavitrinas.com\\\/fr\\\/columnas-integradas-la-vitrina-augusta\\\/\"},\"wordCount\":223,\"commentCount\":0,\"publisher\":{\"@id\":\"https:\\\/\\\/augustavitrinas.com\\\/#organization\"},\"image\":{\"@id\":\"https:\\\/\\\/augustavitrinas.com\\\/fr\\\/columnas-integradas-la-vitrina-augusta\\\/#primaryimage\"},\"thumbnailUrl\":\"https:\\\/\\\/augustavitrinas.com\\\/wp-content\\\/uploads\\\/2022\\\/07\\\/2-fotos-de-columna-1.png\",\"articleSection\":[\"Am\u00e9nagement de la boutique\",\"Espacios comerciales con columnas\",\"Fabrication sur mesure\"],\"inLanguage\":\"fr-FR\",\"potentialAction\":[{\"@type\":\"CommentAction\",\"name\":\"Comment\",\"target\":[\"https:\\\/\\\/augustavitrinas.com\\\/fr\\\/columnas-integradas-la-vitrina-augusta\\\/#respond\"]}]},{\"@type\":\"WebPage\",\"@id\":\"https:\\\/\\\/augustavitrinas.com\\\/fr\\\/columnas-integradas-la-vitrina-augusta\\\/\",\"url\":\"https:\\\/\\\/augustavitrinas.com\\\/fr\\\/columnas-integradas-la-vitrina-augusta\\\/\",\"name\":\"COLONNES INTEGREES dans la vitrine AUGUSTA - Augusta Vitrinas\",\"isPartOf\":{\"@id\":\"https:\\\/\\\/augustavitrinas.com\\\/#website\"},\"primaryImageOfPage\":{\"@id\":\"https:\\\/\\\/augustavitrinas.com\\\/fr\\\/columnas-integradas-la-vitrina-augusta\\\/#primaryimage\"},\"image\":{\"@id\":\"https:\\\/\\\/augustavitrinas.com\\\/fr\\\/columnas-integradas-la-vitrina-augusta\\\/#primaryimage\"},\"thumbnailUrl\":\"https:\\\/\\\/augustavitrinas.com\\\/wp-content\\\/uploads\\\/2022\\\/07\\\/2-fotos-de-columna-1.png\",\"datePublished\":\"2022-07-12T09:45:16+00:00\",\"dateModified\":\"2022-07-12T12:05:49+00:00\",\"breadcrumb\":{\"@id\":\"https:\\\/\\\/augustavitrinas.com\\\/fr\\\/columnas-integradas-la-vitrina-augusta\\\/#breadcrumb\"},\"inLanguage\":\"fr-FR\",\"potentialAction\":[{\"@type\":\"ReadAction\",\"target\":[\"https:\\\/\\\/augustavitrinas.com\\\/fr\\\/columnas-integradas-la-vitrina-augusta\\\/\"]}]},{\"@type\":\"ImageObject\",\"inLanguage\":\"fr-FR\",\"@id\":\"https:\\\/\\\/augustavitrinas.com\\\/fr\\\/columnas-integradas-la-vitrina-augusta\\\/#primaryimage\",\"url\":\"https:\\\/\\\/augustavitrinas.com\\\/wp-content\\\/uploads\\\/2022\\\/07\\\/2-fotos-de-columna-1.png\",\"contentUrl\":\"https:\\\/\\\/augustavitrinas.com\\\/wp-content\\\/uploads\\\/2022\\\/07\\\/2-fotos-de-columna-1.png\",\"width\":1200,\"height\":630},{\"@type\":\"BreadcrumbList\",\"@id\":\"https:\\\/\\\/augustavitrinas.com\\\/fr\\\/columnas-integradas-la-vitrina-augusta\\\/#breadcrumb\",\"itemListElement\":[{\"@type\":\"ListItem\",\"position\":1,\"name\":\"Portada\",\"item\":\"https:\\\/\\\/augustavitrinas.com\\\/fr\\\/\"},{\"@type\":\"ListItem\",\"position\":2,\"name\":\"COLONNES INTEGREES dans la vitrine AUGUSTA\"}]},{\"@type\":\"WebSite\",\"@id\":\"https:\\\/\\\/augustavitrinas.com\\\/#website\",\"url\":\"https:\\\/\\\/augustavitrinas.com\\\/\",\"name\":\"Augusta Vitrinas\",\"description\":\"Vitrinas frigor\u00edficas a medida , Interiorismo comercial\",\"publisher\":{\"@id\":\"https:\\\/\\\/augustavitrinas.com\\\/#organization\"},\"potentialAction\":[{\"@type\":\"SearchAction\",\"target\":{\"@type\":\"EntryPoint\",\"urlTemplate\":\"https:\\\/\\\/augustavitrinas.com\\\/?s={search_term_string}\"},\"query-input\":{\"@type\":\"PropertyValueSpecification\",\"valueRequired\":true,\"valueName\":\"search_term_string\"}}],\"inLanguage\":\"fr-FR\"},{\"@type\":\"Organization\",\"@id\":\"https:\\\/\\\/augustavitrinas.com\\\/#organization\",\"name\":\"Augusta Vitrinas\",\"url\":\"https:\\\/\\\/augustavitrinas.com\\\/\",\"logo\":{\"@type\":\"ImageObject\",\"inLanguage\":\"fr-FR\",\"@id\":\"https:\\\/\\\/augustavitrinas.com\\\/#\\\/schema\\\/logo\\\/image\\\/\",\"url\":\"https:\\\/\\\/augustavitrinas.com\\\/wp-content\\\/uploads\\\/2021\\\/11\\\/logo-movil-augustaazul.png\",\"contentUrl\":\"https:\\\/\\\/augustavitrinas.com\\\/wp-content\\\/uploads\\\/2021\\\/11\\\/logo-movil-augustaazul.png\",\"width\":501,\"height\":418,\"caption\":\"Augusta Vitrinas\"},\"image\":{\"@id\":\"https:\\\/\\\/augustavitrinas.com\\\/#\\\/schema\\\/logo\\\/image\\\/\"},\"sameAs\":[\"https:\\\/\\\/www.facebook.com\\\/Augustavitrinas\\\/\",\"https:\\\/\\\/www.instagram.com\\\/augusta__vitrinas\\\/\"]},{\"@type\":\"Person\",\"@id\":\"https:\\\/\\\/augustavitrinas.com\\\/#\\\/schema\\\/person\\\/1c5f828257b5dd6c3ab88ac382418bdc\",\"name\":\"Augusta Vitrinas\",\"image\":{\"@type\":\"ImageObject\",\"inLanguage\":\"fr-FR\",\"@id\":\"https:\\\/\\\/secure.gravatar.com\\\/avatar\\\/38c1e95a62970df55d563a85e27dc1d3642fa54d4f7c9e6b4297a6363761cbfe?s=96&d=mm&r=g\",\"url\":\"https:\\\/\\\/secure.gravatar.com\\\/avatar\\\/38c1e95a62970df55d563a85e27dc1d3642fa54d4f7c9e6b4297a6363761cbfe?s=96&d=mm&r=g\",\"contentUrl\":\"https:\\\/\\\/secure.gravatar.com\\\/avatar\\\/38c1e95a62970df55d563a85e27dc1d3642fa54d4f7c9e6b4297a6363761cbfe?s=96&d=mm&r=g\",\"caption\":\"Augusta Vitrinas\"},\"url\":\"https:\\\/\\\/augustavitrinas.com\\\/fr\\\/author\\\/encarni\\\/\"}]}<\/script>\n<!-- \/ Yoast SEO plugin. -->","yoast_head_json":{"title":"COLONNES INTEGREES dans la vitrine AUGUSTA - Augusta Vitrinas","robots":{"index":"index","follow":"follow","max-snippet":"max-snippet:-1","max-image-preview":"max-image-preview:large","max-video-preview":"max-video-preview:-1"},"canonical":"https:\/\/augustavitrinas.com\/fr\/columnas-integradas-la-vitrina-augusta\/","og_locale":"fr_FR","og_type":"article","og_title":"COLUMNAS INTEGRADAS en la propia vitrina AUGUSTA","og_description":"La fabricaci\u00f3n a medida de nuestras vitrinas AUGUSTA permite integrar estos elementos dentro de la estructura de la m\u00e1quina y ofrecer viabilidad de venta a espacios comerciales.","og_url":"https:\/\/augustavitrinas.com\/fr\/columnas-integradas-la-vitrina-augusta\/","og_site_name":"Augusta Vitrinas","article_publisher":"https:\/\/www.facebook.com\/Augustavitrinas\/","article_published_time":"2022-07-12T09:45:16+00:00","article_modified_time":"2022-07-12T12:05:49+00:00","og_image":[{"url":"https:\/\/augustavitrinas.com\/wp-content\/uploads\/2022\/07\/columna-2b.jpg","type":"","width":"","height":""}],"author":"Augusta Vitrinas","twitter_card":"summary_large_image","twitter_misc":{"Written by":"Augusta Vitrinas","Est. reading time":"1 minute"},"schema":{"@context":"https:\/\/schema.org","@graph":[{"@type":"Article","@id":"https:\/\/augustavitrinas.com\/fr\/columnas-integradas-la-vitrina-augusta\/#article","isPartOf":{"@id":"https:\/\/augustavitrinas.com\/fr\/columnas-integradas-la-vitrina-augusta\/"},"author":{"name":"Augusta Vitrinas","@id":"https:\/\/augustavitrinas.com\/#\/schema\/person\/1c5f828257b5dd6c3ab88ac382418bdc"},"headline":"COLONNES INTEGREES dans la vitrine AUGUSTA","datePublished":"2022-07-12T09:45:16+00:00","dateModified":"2022-07-12T12:05:49+00:00","mainEntityOfPage":{"@id":"https:\/\/augustavitrinas.com\/fr\/columnas-integradas-la-vitrina-augusta\/"},"wordCount":223,"commentCount":0,"publisher":{"@id":"https:\/\/augustavitrinas.com\/#organization"},"image":{"@id":"https:\/\/augustavitrinas.com\/fr\/columnas-integradas-la-vitrina-augusta\/#primaryimage"},"thumbnailUrl":"https:\/\/augustavitrinas.com\/wp-content\/uploads\/2022\/07\/2-fotos-de-columna-1.png","articleSection":["Am\u00e9nagement de la boutique","Espacios comerciales con columnas","Fabrication sur mesure"],"inLanguage":"fr-FR","potentialAction":[{"@type":"CommentAction","name":"Comment","target":["https:\/\/augustavitrinas.com\/fr\/columnas-integradas-la-vitrina-augusta\/#respond"]}]},{"@type":"WebPage","@id":"https:\/\/augustavitrinas.com\/fr\/columnas-integradas-la-vitrina-augusta\/","url":"https:\/\/augustavitrinas.com\/fr\/columnas-integradas-la-vitrina-augusta\/","name":"COLONNES INTEGREES dans la vitrine AUGUSTA - Augusta Vitrinas","isPartOf":{"@id":"https:\/\/augustavitrinas.com\/#website"},"primaryImageOfPage":{"@id":"https:\/\/augustavitrinas.com\/fr\/columnas-integradas-la-vitrina-augusta\/#primaryimage"},"image":{"@id":"https:\/\/augustavitrinas.com\/fr\/columnas-integradas-la-vitrina-augusta\/#primaryimage"},"thumbnailUrl":"https:\/\/augustavitrinas.com\/wp-content\/uploads\/2022\/07\/2-fotos-de-columna-1.png","datePublished":"2022-07-12T09:45:16+00:00","dateModified":"2022-07-12T12:05:49+00:00","breadcrumb":{"@id":"https:\/\/augustavitrinas.com\/fr\/columnas-integradas-la-vitrina-augusta\/#breadcrumb"},"inLanguage":"fr-FR","potentialAction":[{"@type":"ReadAction","target":["https:\/\/augustavitrinas.com\/fr\/columnas-integradas-la-vitrina-augusta\/"]}]},{"@type":"ImageObject","inLanguage":"fr-FR","@id":"https:\/\/augustavitrinas.com\/fr\/columnas-integradas-la-vitrina-augusta\/#primaryimage","url":"https:\/\/augustavitrinas.com\/wp-content\/uploads\/2022\/07\/2-fotos-de-columna-1.png","contentUrl":"https:\/\/augustavitrinas.com\/wp-content\/uploads\/2022\/07\/2-fotos-de-columna-1.png","width":1200,"height":630},{"@type":"BreadcrumbList","@id":"https:\/\/augustavitrinas.com\/fr\/columnas-integradas-la-vitrina-augusta\/#breadcrumb","itemListElement":[{"@type":"ListItem","position":1,"name":"Portada","item":"https:\/\/augustavitrinas.com\/fr\/"},{"@type":"ListItem","position":2,"name":"COLONNES INTEGREES dans la vitrine AUGUSTA"}]},{"@type":"WebSite","@id":"https:\/\/augustavitrinas.com\/#website","url":"https:\/\/augustavitrinas.com\/","name":"Augusta Vitrinas","description":"Vitrinas frigor\u00edficas a medida , Interiorismo comercial","publisher":{"@id":"https:\/\/augustavitrinas.com\/#organization"},"potentialAction":[{"@type":"SearchAction","target":{"@type":"EntryPoint","urlTemplate":"https:\/\/augustavitrinas.com\/?s={search_term_string}"},"query-input":{"@type":"PropertyValueSpecification","valueRequired":true,"valueName":"search_term_string"}}],"inLanguage":"fr-FR"},{"@type":"Organization","@id":"https:\/\/augustavitrinas.com\/#organization","name":"Augusta Vitrinas","url":"https:\/\/augustavitrinas.com\/","logo":{"@type":"ImageObject","inLanguage":"fr-FR","@id":"https:\/\/augustavitrinas.com\/#\/schema\/logo\/image\/","url":"https:\/\/augustavitrinas.com\/wp-content\/uploads\/2021\/11\/logo-movil-augustaazul.png","contentUrl":"https:\/\/augustavitrinas.com\/wp-content\/uploads\/2021\/11\/logo-movil-augustaazul.png","width":501,"height":418,"caption":"Augusta Vitrinas"},"image":{"@id":"https:\/\/augustavitrinas.com\/#\/schema\/logo\/image\/"},"sameAs":["https:\/\/www.facebook.com\/Augustavitrinas\/","https:\/\/www.instagram.com\/augusta__vitrinas\/"]},{"@type":"Person","@id":"https:\/\/augustavitrinas.com\/#\/schema\/person\/1c5f828257b5dd6c3ab88ac382418bdc","name":"Augusta Vitrinas","image":{"@type":"ImageObject","inLanguage":"fr-FR","@id":"https:\/\/secure.gravatar.com\/avatar\/38c1e95a62970df55d563a85e27dc1d3642fa54d4f7c9e6b4297a6363761cbfe?s=96&d=mm&r=g","url":"https:\/\/secure.gravatar.com\/avatar\/38c1e95a62970df55d563a85e27dc1d3642fa54d4f7c9e6b4297a6363761cbfe?s=96&d=mm&r=g","contentUrl":"https:\/\/secure.gravatar.com\/avatar\/38c1e95a62970df55d563a85e27dc1d3642fa54d4f7c9e6b4297a6363761cbfe?s=96&d=mm&r=g","caption":"Augusta Vitrinas"},"url":"https:\/\/augustavitrinas.com\/fr\/author\/encarni\/"}]}},"_links":{"self":[{"href":"https:\/\/augustavitrinas.com\/fr\/wp-json\/wp\/v2\/posts\/6838","targetHints":{"allow":["GET"]}}],"collection":[{"href":"https:\/\/augustavitrinas.com\/fr\/wp-json\/wp\/v2\/posts"}],"about":[{"href":"https:\/\/augustavitrinas.com\/fr\/wp-json\/wp\/v2\/types\/post"}],"author":[{"embeddable":true,"href":"https:\/\/augustavitrinas.com\/fr\/wp-json\/wp\/v2\/users\/6"}],"replies":[{"embeddable":true,"href":"https:\/\/augustavitrinas.com\/fr\/wp-json\/wp\/v2\/comments?post=6838"}],"version-history":[{"count":0,"href":"https:\/\/augustavitrinas.com\/fr\/wp-json\/wp\/v2\/posts\/6838\/revisions"}],"wp:featuredmedia":[{"embeddable":true,"href":"https:\/\/augustavitrinas.com\/fr\/wp-json\/wp\/v2\/media\/6836"}],"wp:attachment":[{"href":"https:\/\/augustavitrinas.com\/fr\/wp-json\/wp\/v2\/media?parent=6838"}],"wp:term":[{"taxonomy":"category","embeddable":true,"href":"https:\/\/augustavitrinas.com\/fr\/wp-json\/wp\/v2\/categories?post=6838"},{"taxonomy":"post_tag","embeddable":true,"href":"https:\/\/augustavitrinas.com\/fr\/wp-json\/wp\/v2\/tags?post=6838"}],"curies":[{"name":"wp","href":"https:\/\/api.w.org\/{rel}","templated":true}]}}